{"id":9255,"date":"2024-09-04T08:30:27","date_gmt":"2024-09-04T07:30:27","guid":{"rendered":"https:\/\/pdsforum.com\/?p=9255"},"modified":"2024-09-11T13:31:40","modified_gmt":"2024-09-11T12:31:40","slug":"die-konvergenz-von-realer-und-digitaler-welt","status":"publish","type":"post","link":"https:\/\/pdsforum.com\/de\/die-konvergenz-von-realer-und-digitaler-welt\/","title":{"rendered":"Die Konvergenz von realer und digitaler Welt"},"content":{"rendered":"\t\t<div data-elementor-type=\"wp-post\" data-elementor-id=\"9255\" class=\"elementor elementor-9255\">\n\t\t\t\t\t\t<section class=\"elementor-section elementor-top-section elementor-element elementor-element-af2a3ad elementor-section-boxed elementor-section-height-default elementor-section-height-default\" data-id=\"af2a3ad\" data-element_type=\"section\" data-e-type=\"section\">\n\t\t\t\t\t\t<div class=\"elementor-container elementor-column-gap-default\">\n\t\t\t\t\t<div class=\"elementor-column elementor-col-50 elementor-top-column elementor-element elementor-element-8b6df4f\" data-id=\"8b6df4f\" data-element_type=\"column\" data-e-type=\"column\">\n\t\t\t<div class=\"elementor-widget-wrap elementor-element-populated\">\n\t\t\t\t\t\t<div class=\"elementor-element elementor-element-076a731 elementor-widget elementor-widget-image\" data-id=\"076a731\" data-element_type=\"widget\" data-e-type=\"widget\" data-widget_type=\"image.default\">\n\t\t\t\t<div class=\"elementor-widget-container\">\n\t\t\t\t\t\t\t\t\t\t\t\t\t\t\t<img fetchpriority=\"high\" decoding=\"async\" width=\"600\" height=\"600\" src=\"https:\/\/pdsforum.com\/wp-content\/uploads\/2024\/08\/Florian-Harzenetter.jpg\" class=\"attachment-large size-large wp-image-7957\" alt=\"\" srcset=\"https:\/\/pdsforum.com\/wp-content\/uploads\/2024\/08\/Florian-Harzenetter.jpg 600w, https:\/\/pdsforum.com\/wp-content\/uploads\/2024\/08\/Florian-Harzenetter-300x300.jpg 300w, https:\/\/pdsforum.com\/wp-content\/uploads\/2024\/08\/Florian-Harzenetter-150x150.jpg 150w\" sizes=\"(max-width: 600px) 100vw, 600px\" \/>\t\t\t\t\t\t\t\t\t\t\t\t\t\t\t<\/div>\n\t\t\t\t<\/div>\n\t\t\t\t\t<\/div>\n\t\t<\/div>\n\t\t\t\t<div class=\"elementor-column elementor-col-50 elementor-top-column elementor-element elementor-element-31ab204\" data-id=\"31ab204\" data-element_type=\"column\" data-e-type=\"column\">\n\t\t\t<div class=\"elementor-widget-wrap elementor-element-populated\">\n\t\t\t\t\t\t<div class=\"elementor-element elementor-element-ba7d324 elementor-widget elementor-widget-text-editor\" data-id=\"ba7d324\" data-element_type=\"widget\" data-e-type=\"widget\" data-widget_type=\"text-editor.default\">\n\t\t\t\t<div class=\"elementor-widget-container\">\n\t\t\t\t\t\t\t\t\t<h2>Dr. Florian Harzenetter<\/h2>\t\t\t\t\t\t\t\t<\/div>\n\t\t\t\t<\/div>\n\t\t\t\t<div class=\"elementor-element elementor-element-48eb538 elementor-widget elementor-widget-text-editor\" data-id=\"48eb538\" data-element_type=\"widget\" data-e-type=\"widget\" data-widget_type=\"text-editor.default\">\n\t\t\t\t<div class=\"elementor-widget-container\">\n\t\t\t\t\t\t\t\t\t<p>Wir freuen uns, Dr. Florian Harzenetter als Referenten f\u00fcr unser PDSFORUM ank\u00fcndigen zu k\u00f6nnen. Als Senior Director und Global Advisor bei PTC verantwortet er den Bereich der Industrie-, Elektronik- und Hightech-Kunden (EHT). Mit \u00fcber 14 Jahren Erfahrung in verschiedenen Rollen im Business Development kennt er die Herausforderungen und Chancen der Digitalisierung in der Industrie genau und bringt umfassende Expertise in der Zusammenarbeit mit f\u00fchrenden Unternehmen und dem Mittelstand mit.<\/p>\t\t\t\t\t\t\t\t<\/div>\n\t\t\t\t<\/div>\n\t\t\t\t<div class=\"elementor-element elementor-element-bf77349 elementor-widget elementor-widget-spacer\" data-id=\"bf77349\" data-element_type=\"widget\" data-e-type=\"widget\" data-widget_type=\"spacer.default\">\n\t\t\t\t<div class=\"elementor-widget-container\">\n\t\t\t\t\t\t\t<div class=\"elementor-spacer\">\n\t\t\t<div class=\"elementor-spacer-inner\"><\/div>\n\t\t<\/div>\n\t\t\t\t\t\t<\/div>\n\t\t\t\t<\/div>\n\t\t\t\t\t<\/div>\n\t\t<\/div>\n\t\t\t\t\t<\/div>\n\t\t<\/section>\n\t\t\t\t<section class=\"elementor-section elementor-top-section elementor-element elementor-element-a5fdf63 elementor-section-boxed elementor-section-height-default elementor-section-height-default\" data-id=\"a5fdf63\" data-element_type=\"section\" data-e-type=\"section\">\n\t\t\t\t\t\t<div class=\"elementor-container elementor-column-gap-default\">\n\t\t\t\t\t<div class=\"elementor-column elementor-col-100 elementor-top-column elementor-element elementor-element-7fc4f9d\" data-id=\"7fc4f9d\" data-element_type=\"column\" data-e-type=\"column\">\n\t\t\t<div class=\"elementor-widget-wrap elementor-element-populated\">\n\t\t\t\t\t\t<div class=\"elementor-element elementor-element-42681cb elementor-widget elementor-widget-text-editor\" data-id=\"42681cb\" data-element_type=\"widget\" data-e-type=\"widget\" data-widget_type=\"text-editor.default\">\n\t\t\t\t<div class=\"elementor-widget-container\">\n\t\t\t\t\t\t\t\t\t<h2>Umfangreiche Expertise in der Industrie und High-Tech-Branche<\/h2>\t\t\t\t\t\t\t\t<\/div>\n\t\t\t\t<\/div>\n\t\t\t\t<div class=\"elementor-element elementor-element-aa04f7b elementor-widget elementor-widget-text-editor\" data-id=\"aa04f7b\" data-element_type=\"widget\" data-e-type=\"widget\" data-widget_type=\"text-editor.default\">\n\t\t\t\t<div class=\"elementor-widget-container\">\n\t\t\t\t\t\t\t\t\t<p>Dr. Florian Harzenetter versteht es, die spezifischen Bed\u00fcrfnisse der Industrie-Kunden pr\u00e4zise zu erfassen und deren Roadmaps und Strategien f\u00fcr die erfolgreiche Implementierung von PTC-Technologien zu entwickeln. In seiner Position als globaler Experte vertritt er die Stimme der Kunden in den PLM-Produktsegmenten und gestaltet aktiv die L\u00f6sungen von PTC, um sie perfekt auf die Marktbed\u00fcrfnisse abzustimmen.<\/p><p><span style=\"font-size: 16px; color: var( --e-global-color-text ); word-spacing: var( --e-global-typography-text-word-spacing ); background-color: var(--body-background-color, unset);\">Seine Rolle als Thought Leader f\u00fcr Kunden aus den Bereichen Electronics &amp; High Tech sowie der klassischen Industrie zeigt, wie entscheidend die enge Zusammenarbeit mit den Kunden f\u00fcr die strategische Ausrichtung und den langfristigen Erfolg ist. Dabei sorgt er f\u00fcr die reibungslose Einf\u00fchrung von PTC-Technologien, die das R\u00fcckgrat der digitalen Transformation bilden.<\/span><\/p>\t\t\t\t\t\t\t\t<\/div>\n\t\t\t\t<\/div>\n\t\t\t\t<div class=\"elementor-element elementor-element-577fb33 elementor-widget elementor-widget-spacer\" data-id=\"577fb33\" data-element_type=\"widget\" data-e-type=\"widget\" data-widget_type=\"spacer.default\">\n\t\t\t\t<div class=\"elementor-widget-container\">\n\t\t\t\t\t\t\t<div class=\"elementor-spacer\">\n\t\t\t<div class=\"elementor-spacer-inner\"><\/div>\n\t\t<\/div>\n\t\t\t\t\t\t<\/div>\n\t\t\t\t<\/div>\n\t\t\t\t\t<\/div>\n\t\t<\/div>\n\t\t\t\t\t<\/div>\n\t\t<\/section>\n\t\t\t\t<section class=\"elementor-section elementor-top-section elementor-element elementor-element-ab0de4d elementor-section-boxed elementor-section-height-default elementor-section-height-default\" data-id=\"ab0de4d\" data-element_type=\"section\" data-e-type=\"section\">\n\t\t\t\t\t\t<div class=\"elementor-container elementor-column-gap-default\">\n\t\t\t\t\t<div class=\"elementor-column elementor-col-100 elementor-top-column elementor-element elementor-element-eb2a610\" data-id=\"eb2a610\" data-element_type=\"column\" data-e-type=\"column\">\n\t\t\t<div class=\"elementor-widget-wrap elementor-element-populated\">\n\t\t\t\t\t\t<div class=\"elementor-element elementor-element-84efc18 elementor-widget elementor-widget-text-editor\" data-id=\"84efc18\" data-element_type=\"widget\" data-e-type=\"widget\" data-widget_type=\"text-editor.default\">\n\t\t\t\t<div class=\"elementor-widget-container\">\n\t\t\t\t\t\t\t\t\t<h2>Die Konvergenz von realer &amp; digitaler Welt<\/h2>\t\t\t\t\t\t\t\t<\/div>\n\t\t\t\t<\/div>\n\t\t\t\t<div class=\"elementor-element elementor-element-2b42448 elementor-widget elementor-widget-text-editor\" data-id=\"2b42448\" data-element_type=\"widget\" data-e-type=\"widget\" data-widget_type=\"text-editor.default\">\n\t\t\t\t<div class=\"elementor-widget-container\">\n\t\t\t\t\t\t\t\t\t<p>Ein zentraler Aspekt, den Dr. Florian Harzenetter auf unserer Veranstaltung thematisieren wird, ist die Konvergenz von realer und digitaler Welt. In einer Zeit, in der digitale Zwillinge und das Internet der Dinge (IoT) die Industrie revolutionieren, wird die F\u00e4higkeit, physische Produkte und Prozesse mit digitalen Modellen zu verkn\u00fcpfen, immer entscheidender. Diese Verschmelzung schafft nicht nur mehr Transparenz und Effizienz in der Produktion, sondern erm\u00f6glicht es Unternehmen auch, schneller auf Marktanforderungen zu reagieren und ihre Wertsch\u00f6pfung zu maximieren. PTC spielt dabei eine Schl\u00fcsselrolle, indem es Unternehmen mit innovativen L\u00f6sungen wie dem Digital Thread und dem Digital Twin dabei unterst\u00fctzt, diese Konvergenz zu realisieren.<\/p>\t\t\t\t\t\t\t\t<\/div>\n\t\t\t\t<\/div>\n\t\t\t\t<div class=\"elementor-element elementor-element-c6379ad elementor-widget elementor-widget-spacer\" data-id=\"c6379ad\" data-element_type=\"widget\" data-e-type=\"widget\" data-widget_type=\"spacer.default\">\n\t\t\t\t<div class=\"elementor-widget-container\">\n\t\t\t\t\t\t\t<div class=\"elementor-spacer\">\n\t\t\t<div class=\"elementor-spacer-inner\"><\/div>\n\t\t<\/div>\n\t\t\t\t\t\t<\/div>\n\t\t\t\t<\/div>\n\t\t\t\t\t<\/div>\n\t\t<\/div>\n\t\t\t\t\t<\/div>\n\t\t<\/section>\n\t\t\t\t<section class=\"elementor-section elementor-top-section elementor-element elementor-element-5b21e93 elementor-section-boxed elementor-section-height-default elementor-section-height-default\" data-id=\"5b21e93\" data-element_type=\"section\" data-e-type=\"section\">\n\t\t\t\t\t\t<div class=\"elementor-container elementor-column-gap-default\">\n\t\t\t\t\t<div class=\"elementor-column elementor-col-100 elementor-top-column elementor-element elementor-element-645ab94\" data-id=\"645ab94\" data-element_type=\"column\" data-e-type=\"column\">\n\t\t\t<div class=\"elementor-widget-wrap elementor-element-populated\">\n\t\t\t\t\t\t<div class=\"elementor-element elementor-element-e245bdb elementor-widget elementor-widget-text-editor\" data-id=\"e245bdb\" data-element_type=\"widget\" data-e-type=\"widget\" data-widget_type=\"text-editor.default\">\n\t\t\t\t<div class=\"elementor-widget-container\">\n\t\t\t\t\t\t\t\t\t<h2>Herausforderungen der Industriekunden und die Rolle von PTC<\/h2>\t\t\t\t\t\t\t\t<\/div>\n\t\t\t\t<\/div>\n\t\t\t\t<div class=\"elementor-element elementor-element-295b115 elementor-widget elementor-widget-text-editor\" data-id=\"295b115\" data-element_type=\"widget\" data-e-type=\"widget\" data-widget_type=\"text-editor.default\">\n\t\t\t\t<div class=\"elementor-widget-container\">\n\t\t\t\t\t\t\t\t\t<p>Im industriellen Umfeld sind die digitale Transformation und Industrie 4.0 weiterhin die bestimmenden Themen. Hinzu kommen Herausforderungen wie Engp\u00e4sse in der Lieferkette, Fachkr\u00e4ftemangel, Nachhaltigkeit und Dekarbonisierung. Hier setzt PTC mit innovativen L\u00f6sungen an: Mit digitalen Zwillingen, die den gesamten Produktlebenszyklus abbilden, und der Verkn\u00fcpfung interner Prozesse (Digital Thread) bietet PTC seinen Kunden die n\u00f6tige Transparenz und Effizienz, um den Herausforderungen des Marktes erfolgreich zu begegnen.<\/p>\t\t\t\t\t\t\t\t<\/div>\n\t\t\t\t<\/div>\n\t\t\t\t<div class=\"elementor-element elementor-element-2dd097c elementor-widget elementor-widget-spacer\" data-id=\"2dd097c\" data-element_type=\"widget\" data-e-type=\"widget\" data-widget_type=\"spacer.default\">\n\t\t\t\t<div class=\"elementor-widget-container\">\n\t\t\t\t\t\t\t<div class=\"elementor-spacer\">\n\t\t\t<div class=\"elementor-spacer-inner\"><\/div>\n\t\t<\/div>\n\t\t\t\t\t\t<\/div>\n\t\t\t\t<\/div>\n\t\t\t\t\t<\/div>\n\t\t<\/div>\n\t\t\t\t\t<\/div>\n\t\t<\/section>\n\t\t\t\t<section class=\"elementor-section elementor-top-section elementor-element elementor-element-df018a9 elementor-section-boxed elementor-section-height-default elementor-section-height-default\" data-id=\"df018a9\" data-element_type=\"section\" data-e-type=\"section\">\n\t\t\t\t\t\t<div class=\"elementor-container elementor-column-gap-default\">\n\t\t\t\t\t<div class=\"elementor-column elementor-col-100 elementor-top-column elementor-element elementor-element-6845407\" data-id=\"6845407\" data-element_type=\"column\" data-e-type=\"column\">\n\t\t\t<div class=\"elementor-widget-wrap elementor-element-populated\">\n\t\t\t\t\t\t<div class=\"elementor-element elementor-element-0ec19f7 elementor-widget elementor-widget-text-editor\" data-id=\"0ec19f7\" data-element_type=\"widget\" data-e-type=\"widget\" data-widget_type=\"text-editor.default\">\n\t\t\t\t<div class=\"elementor-widget-container\">\n\t\t\t\t\t\t\t\t\t<h2>Zukunft der Industrie: &#8220;As a Service&#8221; Gesch\u00e4ftsmodelle<\/h2>\t\t\t\t\t\t\t\t<\/div>\n\t\t\t\t<\/div>\n\t\t\t\t<div class=\"elementor-element elementor-element-ad5ed59 elementor-widget elementor-widget-text-editor\" data-id=\"ad5ed59\" data-element_type=\"widget\" data-e-type=\"widget\" data-widget_type=\"text-editor.default\">\n\t\t\t\t<div class=\"elementor-widget-container\">\n\t\t\t\t\t\t\t\t\t<p>Ein Schwerpunkt seines Vortrags wird der Wandel hin zu \u201eAs a Service\u201c-Gesch\u00e4ftsmodellen sein. Dieser Trend ver\u00e4ndert die Industrie grundlegend und wird in vielen Branchen zu einer st\u00e4rkeren Konzentration der Anbieter f\u00fchren. Unternehmen m\u00fcssen sich darauf vorbereiten, ihre digitalen F\u00e4higkeiten zu st\u00e4rken und in diese neue \u00c4ra zu investieren, um wettbewerbsf\u00e4hig zu bleiben.<\/p><p>Dr. Florian Harzenetter wird auf unserer Veranstaltung mit seiner langj\u00e4hrigen Erfahrung und fundierten Branchenkenntnis wertvolle Einblicke in die aktuellen und zuk\u00fcnftigen Entwicklungen der Branche geben. Seien Sie gespannt auf praxisnahe L\u00f6sungen und innovative Ans\u00e4tze, die Ihr Unternehmen auf die n\u00e4chste Stufe der digitalen Transformation heben k\u00f6nnen.<\/p>\t\t\t\t\t\t\t\t<\/div>\n\t\t\t\t<\/div>\n\t\t\t\t<div class=\"elementor-element elementor-element-44945e6 elementor-widget elementor-widget-text-editor\" data-id=\"44945e6\" data-element_type=\"widget\" data-e-type=\"widget\" data-widget_type=\"text-editor.default\">\n\t\t\t\t<div class=\"elementor-widget-container\">\n\t\t\t\t\t\t\t\t\t<h2>Melden Sie sich jetzt an<\/h2>\n\t\t\t\t\t\t\t\t<\/div>\n\t\t\t\t<\/div>\n\t\t\t\t<div class=\"elementor-element elementor-element-1497ea6 elementor-widget elementor-widget-text-editor\" data-id=\"1497ea6\" data-element_type=\"widget\" data-e-type=\"widget\" data-widget_type=\"text-editor.default\">\n\t\t\t\t<div class=\"elementor-widget-container\">\n\t\t\t\t\t\t\t\t\t<p>Insgesamt bietet das PDSFORUM eine einzigartige Gelegenheit f\u00fcr Fachleute aus der Produktentwicklungsbranche, sich zu informieren, zu vernetzen und von anderen Branchenkollegen zu lernen. Es ist eine Veranstaltung, die man nicht verpassen sollte, wenn man in der Branche t\u00e4tig ist oder sich f\u00fcr die neuesten Entwicklungen und Trends interessiert.<\/p>\n\t\t\t\t\t\t\t\t<\/div>\n\t\t\t\t<\/div>\n\t\t\t\t\t<\/div>\n\t\t<\/div>\n\t\t\t\t\t<\/div>\n\t\t<\/section>\n\t\t<div class=\"elementor-element elementor-element-60b9797 e-flex e-con-boxed e-con e-parent\" data-id=\"60b9797\" data-element_type=\"container\" data-e-type=\"container\">\n\t\t\t\t\t<div class=\"e-con-inner\">\n\t\t\t\t<div class=\"elementor-element elementor-element-8133fa8 aleft elementor-widget-icon-box wgl-icon-box elementor-widget elementor-widget-wgl-button\" data-id=\"8133fa8\" data-element_type=\"widget\" data-e-type=\"widget\" data-widget_type=\"wgl-button.default\">\n\t\t\t\t<div class=\"elementor-widget-container\">\n\t\t\t\t\t<a class=\"wgl-button btn-size-lg \" role=\"button\" href=\"https:\/\/pdsforum.com\/de\/registrierung\/\"><div class=\"button__content align-icon-left\"><div class=\"media-wrapper icon-wrapper\"><span class=\"wgl-icon\" ><i class=\"icon elementor-icon flaticon-right\" aria-hidden=\"true\"><\/i><\/span><\/div><span class=\"button__text\">Zur Registrierung<\/span><\/div><\/a>\t\t\t\t<\/div>\n\t\t\t\t<\/div>\n\t\t\t\t\t<\/div>\n\t\t\t\t<\/div>\n\t\t\t\t<\/div>\n\t\t","protected":false},"excerpt":{"rendered":"<p>Wir freuen uns, Dr. Florian Harzenetter als Referenten f\u00fcr unser PDSFORUM ank\u00fcndigen zu k\u00f6nnen. <\/p>\n","protected":false},"author":2,"featured_media":6658,"comment_status":"closed","ping_status":"open","sticky":false,"template":"","format":"standard","meta":{"footnotes":""},"categories":[1],"tags":[],"class_list":["post-9255","post","type-post","status-publish","format-standard","has-post-thumbnail","hentry","category-conference-2"],"yoast_head":"<!-- This site is optimized with the Yoast SEO Premium plugin v27.4 (Yoast SEO v27.4) - https:\/\/yoast.com\/product\/yoast-seo-premium-wordpress\/ -->\n<title>Die Konvergenz von realer und digitaler Welt - PDSFORUM<\/title>\n<meta name=\"description\" content=\"Wir freuen uns, Dr. Florian Harzenetter als Referenten f\u00fcr das PDSFORUM ank\u00fcndigen zu k\u00f6nnen. Lesen Sie hier, was ihn bewegt und antreibt.\" \/>\n<meta name=\"robots\" content=\"index, follow, max-snippet:-1, max-image-preview:large, max-video-preview:-1\" \/>\n<link rel=\"canonical\" href=\"https:\/\/pdsforum.com\/de\/die-konvergenz-von-realer-und-digitaler-welt\/\" \/>\n<meta property=\"og:locale\" content=\"de_DE\" \/>\n<meta property=\"og:type\" content=\"article\" \/>\n<meta property=\"og:title\" content=\"Die Konvergenz von realer und digitaler Welt\" \/>\n<meta property=\"og:description\" content=\"Wir freuen uns, Dr. Florian Harzenetter als Referenten f\u00fcr das PDSFORUM ank\u00fcndigen zu k\u00f6nnen. Lesen Sie hier, was ihn bewegt und antreibt.\" \/>\n<meta property=\"og:url\" content=\"https:\/\/pdsforum.com\/de\/die-konvergenz-von-realer-und-digitaler-welt\/\" \/>\n<meta property=\"og:site_name\" content=\"PDSFORUM\" \/>\n<meta property=\"article:published_time\" content=\"2024-09-04T07:30:27+00:00\" \/>\n<meta property=\"article:modified_time\" content=\"2024-09-11T12:31:40+00:00\" \/>\n<meta property=\"og:image\" content=\"https:\/\/pdsforum.com\/wp-content\/uploads\/2024\/01\/Agenda.jpg\" \/>\n\t<meta property=\"og:image:width\" content=\"1920\" \/>\n\t<meta property=\"og:image:height\" content=\"500\" \/>\n\t<meta property=\"og:image:type\" content=\"image\/jpeg\" \/>\n<meta name=\"author\" content=\"Christian Bugenhagen\" \/>\n<meta name=\"twitter:card\" content=\"summary_large_image\" \/>\n<meta name=\"twitter:label1\" content=\"Verfasst von\" \/>\n\t<meta name=\"twitter:data1\" content=\"Christian Bugenhagen\" \/>\n\t<meta name=\"twitter:label2\" content=\"Gesch\u00e4tzte Lesezeit\" \/>\n\t<meta name=\"twitter:data2\" content=\"4\u00a0Minuten\" \/>\n<script type=\"application\/ld+json\" class=\"yoast-schema-graph\">{\"@context\":\"https:\\\/\\\/schema.org\",\"@graph\":[{\"@type\":\"Article\",\"@id\":\"https:\\\/\\\/pdsforum.com\\\/de\\\/die-konvergenz-von-realer-und-digitaler-welt\\\/#article\",\"isPartOf\":{\"@id\":\"https:\\\/\\\/pdsforum.com\\\/de\\\/die-konvergenz-von-realer-und-digitaler-welt\\\/\"},\"author\":{\"name\":\"Christian Bugenhagen\",\"@id\":\"https:\\\/\\\/pdsforum.com\\\/de\\\/#\\\/schema\\\/person\\\/77fb352481c81ca15b5c58c55e92fd43\"},\"headline\":\"Die Konvergenz von realer und digitaler Welt\",\"datePublished\":\"2024-09-04T07:30:27+00:00\",\"dateModified\":\"2024-09-11T12:31:40+00:00\",\"mainEntityOfPage\":{\"@id\":\"https:\\\/\\\/pdsforum.com\\\/de\\\/die-konvergenz-von-realer-und-digitaler-welt\\\/\"},\"wordCount\":578,\"image\":{\"@id\":\"https:\\\/\\\/pdsforum.com\\\/de\\\/die-konvergenz-von-realer-und-digitaler-welt\\\/#primaryimage\"},\"thumbnailUrl\":\"https:\\\/\\\/pdsforum.com\\\/wp-content\\\/uploads\\\/2024\\\/01\\\/Agenda.jpg\",\"articleSection\":[\"Conference\"],\"inLanguage\":\"de\"},{\"@type\":\"WebPage\",\"@id\":\"https:\\\/\\\/pdsforum.com\\\/de\\\/die-konvergenz-von-realer-und-digitaler-welt\\\/\",\"url\":\"https:\\\/\\\/pdsforum.com\\\/de\\\/die-konvergenz-von-realer-und-digitaler-welt\\\/\",\"name\":\"Die Konvergenz von realer und digitaler Welt - PDSFORUM\",\"isPartOf\":{\"@id\":\"https:\\\/\\\/pdsforum.com\\\/de\\\/#website\"},\"primaryImageOfPage\":{\"@id\":\"https:\\\/\\\/pdsforum.com\\\/de\\\/die-konvergenz-von-realer-und-digitaler-welt\\\/#primaryimage\"},\"image\":{\"@id\":\"https:\\\/\\\/pdsforum.com\\\/de\\\/die-konvergenz-von-realer-und-digitaler-welt\\\/#primaryimage\"},\"thumbnailUrl\":\"https:\\\/\\\/pdsforum.com\\\/wp-content\\\/uploads\\\/2024\\\/01\\\/Agenda.jpg\",\"datePublished\":\"2024-09-04T07:30:27+00:00\",\"dateModified\":\"2024-09-11T12:31:40+00:00\",\"author\":{\"@id\":\"https:\\\/\\\/pdsforum.com\\\/de\\\/#\\\/schema\\\/person\\\/77fb352481c81ca15b5c58c55e92fd43\"},\"description\":\"Wir freuen uns, Dr. Florian Harzenetter als Referenten f\u00fcr das PDSFORUM ank\u00fcndigen zu k\u00f6nnen. Lesen Sie hier, was ihn bewegt und antreibt.\",\"breadcrumb\":{\"@id\":\"https:\\\/\\\/pdsforum.com\\\/de\\\/die-konvergenz-von-realer-und-digitaler-welt\\\/#breadcrumb\"},\"inLanguage\":\"de\",\"potentialAction\":[{\"@type\":\"ReadAction\",\"target\":[\"https:\\\/\\\/pdsforum.com\\\/de\\\/die-konvergenz-von-realer-und-digitaler-welt\\\/\"]}]},{\"@type\":\"ImageObject\",\"inLanguage\":\"de\",\"@id\":\"https:\\\/\\\/pdsforum.com\\\/de\\\/die-konvergenz-von-realer-und-digitaler-welt\\\/#primaryimage\",\"url\":\"https:\\\/\\\/pdsforum.com\\\/wp-content\\\/uploads\\\/2024\\\/01\\\/Agenda.jpg\",\"contentUrl\":\"https:\\\/\\\/pdsforum.com\\\/wp-content\\\/uploads\\\/2024\\\/01\\\/Agenda.jpg\",\"width\":1920,\"height\":500},{\"@type\":\"BreadcrumbList\",\"@id\":\"https:\\\/\\\/pdsforum.com\\\/de\\\/die-konvergenz-von-realer-und-digitaler-welt\\\/#breadcrumb\",\"itemListElement\":[{\"@type\":\"ListItem\",\"position\":1,\"name\":\"PDSFORUM\",\"item\":\"https:\\\/\\\/pdsforum.com\\\/de\\\/\"},{\"@type\":\"ListItem\",\"position\":2,\"name\":\"Die Konvergenz von realer und digitaler Welt\"}]},{\"@type\":\"WebSite\",\"@id\":\"https:\\\/\\\/pdsforum.com\\\/de\\\/#website\",\"url\":\"https:\\\/\\\/pdsforum.com\\\/de\\\/\",\"name\":\"PDSFORUM\",\"description\":\"\",\"potentialAction\":[{\"@type\":\"SearchAction\",\"target\":{\"@type\":\"EntryPoint\",\"urlTemplate\":\"https:\\\/\\\/pdsforum.com\\\/de\\\/?s={search_term_string}\"},\"query-input\":{\"@type\":\"PropertyValueSpecification\",\"valueRequired\":true,\"valueName\":\"search_term_string\"}}],\"inLanguage\":\"de\"},{\"@type\":\"Person\",\"@id\":\"https:\\\/\\\/pdsforum.com\\\/de\\\/#\\\/schema\\\/person\\\/77fb352481c81ca15b5c58c55e92fd43\",\"name\":\"Christian Bugenhagen\",\"image\":{\"@type\":\"ImageObject\",\"inLanguage\":\"de\",\"@id\":\"https:\\\/\\\/secure.gravatar.com\\\/avatar\\\/538ffccb9e5de37c67bdc0264270c9988057a6524008b2fc79c1d5183de61cf3?s=96&d=mm&r=g\",\"url\":\"https:\\\/\\\/secure.gravatar.com\\\/avatar\\\/538ffccb9e5de37c67bdc0264270c9988057a6524008b2fc79c1d5183de61cf3?s=96&d=mm&r=g\",\"contentUrl\":\"https:\\\/\\\/secure.gravatar.com\\\/avatar\\\/538ffccb9e5de37c67bdc0264270c9988057a6524008b2fc79c1d5183de61cf3?s=96&d=mm&r=g\",\"caption\":\"Christian Bugenhagen\"},\"url\":\"https:\\\/\\\/pdsforum.com\\\/de\\\/author\\\/christian-bugenhagenpdsvision-com\\\/\"}]}<\/script>\n<!-- \/ Yoast SEO Premium plugin. -->","yoast_head_json":{"title":"Die Konvergenz von realer und digitaler Welt - PDSFORUM","description":"Wir freuen uns, Dr. Florian Harzenetter als Referenten f\u00fcr das PDSFORUM ank\u00fcndigen zu k\u00f6nnen. Lesen Sie hier, was ihn bewegt und antreibt.","robots":{"index":"index","follow":"follow","max-snippet":"max-snippet:-1","max-image-preview":"max-image-preview:large","max-video-preview":"max-video-preview:-1"},"canonical":"https:\/\/pdsforum.com\/de\/die-konvergenz-von-realer-und-digitaler-welt\/","og_locale":"de_DE","og_type":"article","og_title":"Die Konvergenz von realer und digitaler Welt","og_description":"Wir freuen uns, Dr. Florian Harzenetter als Referenten f\u00fcr das PDSFORUM ank\u00fcndigen zu k\u00f6nnen. Lesen Sie hier, was ihn bewegt und antreibt.","og_url":"https:\/\/pdsforum.com\/de\/die-konvergenz-von-realer-und-digitaler-welt\/","og_site_name":"PDSFORUM","article_published_time":"2024-09-04T07:30:27+00:00","article_modified_time":"2024-09-11T12:31:40+00:00","og_image":[{"width":1920,"height":500,"url":"https:\/\/pdsforum.com\/wp-content\/uploads\/2024\/01\/Agenda.jpg","type":"image\/jpeg"}],"author":"Christian Bugenhagen","twitter_card":"summary_large_image","twitter_misc":{"Verfasst von":"Christian Bugenhagen","Gesch\u00e4tzte Lesezeit":"4\u00a0Minuten"},"schema":{"@context":"https:\/\/schema.org","@graph":[{"@type":"Article","@id":"https:\/\/pdsforum.com\/de\/die-konvergenz-von-realer-und-digitaler-welt\/#article","isPartOf":{"@id":"https:\/\/pdsforum.com\/de\/die-konvergenz-von-realer-und-digitaler-welt\/"},"author":{"name":"Christian Bugenhagen","@id":"https:\/\/pdsforum.com\/de\/#\/schema\/person\/77fb352481c81ca15b5c58c55e92fd43"},"headline":"Die Konvergenz von realer und digitaler Welt","datePublished":"2024-09-04T07:30:27+00:00","dateModified":"2024-09-11T12:31:40+00:00","mainEntityOfPage":{"@id":"https:\/\/pdsforum.com\/de\/die-konvergenz-von-realer-und-digitaler-welt\/"},"wordCount":578,"image":{"@id":"https:\/\/pdsforum.com\/de\/die-konvergenz-von-realer-und-digitaler-welt\/#primaryimage"},"thumbnailUrl":"https:\/\/pdsforum.com\/wp-content\/uploads\/2024\/01\/Agenda.jpg","articleSection":["Conference"],"inLanguage":"de"},{"@type":"WebPage","@id":"https:\/\/pdsforum.com\/de\/die-konvergenz-von-realer-und-digitaler-welt\/","url":"https:\/\/pdsforum.com\/de\/die-konvergenz-von-realer-und-digitaler-welt\/","name":"Die Konvergenz von realer und digitaler Welt - PDSFORUM","isPartOf":{"@id":"https:\/\/pdsforum.com\/de\/#website"},"primaryImageOfPage":{"@id":"https:\/\/pdsforum.com\/de\/die-konvergenz-von-realer-und-digitaler-welt\/#primaryimage"},"image":{"@id":"https:\/\/pdsforum.com\/de\/die-konvergenz-von-realer-und-digitaler-welt\/#primaryimage"},"thumbnailUrl":"https:\/\/pdsforum.com\/wp-content\/uploads\/2024\/01\/Agenda.jpg","datePublished":"2024-09-04T07:30:27+00:00","dateModified":"2024-09-11T12:31:40+00:00","author":{"@id":"https:\/\/pdsforum.com\/de\/#\/schema\/person\/77fb352481c81ca15b5c58c55e92fd43"},"description":"Wir freuen uns, Dr. Florian Harzenetter als Referenten f\u00fcr das PDSFORUM ank\u00fcndigen zu k\u00f6nnen. Lesen Sie hier, was ihn bewegt und antreibt.","breadcrumb":{"@id":"https:\/\/pdsforum.com\/de\/die-konvergenz-von-realer-und-digitaler-welt\/#breadcrumb"},"inLanguage":"de","potentialAction":[{"@type":"ReadAction","target":["https:\/\/pdsforum.com\/de\/die-konvergenz-von-realer-und-digitaler-welt\/"]}]},{"@type":"ImageObject","inLanguage":"de","@id":"https:\/\/pdsforum.com\/de\/die-konvergenz-von-realer-und-digitaler-welt\/#primaryimage","url":"https:\/\/pdsforum.com\/wp-content\/uploads\/2024\/01\/Agenda.jpg","contentUrl":"https:\/\/pdsforum.com\/wp-content\/uploads\/2024\/01\/Agenda.jpg","width":1920,"height":500},{"@type":"BreadcrumbList","@id":"https:\/\/pdsforum.com\/de\/die-konvergenz-von-realer-und-digitaler-welt\/#breadcrumb","itemListElement":[{"@type":"ListItem","position":1,"name":"PDSFORUM","item":"https:\/\/pdsforum.com\/de\/"},{"@type":"ListItem","position":2,"name":"Die Konvergenz von realer und digitaler Welt"}]},{"@type":"WebSite","@id":"https:\/\/pdsforum.com\/de\/#website","url":"https:\/\/pdsforum.com\/de\/","name":"PDSFORUM","description":"","potentialAction":[{"@type":"SearchAction","target":{"@type":"EntryPoint","urlTemplate":"https:\/\/pdsforum.com\/de\/?s={search_term_string}"},"query-input":{"@type":"PropertyValueSpecification","valueRequired":true,"valueName":"search_term_string"}}],"inLanguage":"de"},{"@type":"Person","@id":"https:\/\/pdsforum.com\/de\/#\/schema\/person\/77fb352481c81ca15b5c58c55e92fd43","name":"Christian Bugenhagen","image":{"@type":"ImageObject","inLanguage":"de","@id":"https:\/\/secure.gravatar.com\/avatar\/538ffccb9e5de37c67bdc0264270c9988057a6524008b2fc79c1d5183de61cf3?s=96&d=mm&r=g","url":"https:\/\/secure.gravatar.com\/avatar\/538ffccb9e5de37c67bdc0264270c9988057a6524008b2fc79c1d5183de61cf3?s=96&d=mm&r=g","contentUrl":"https:\/\/secure.gravatar.com\/avatar\/538ffccb9e5de37c67bdc0264270c9988057a6524008b2fc79c1d5183de61cf3?s=96&d=mm&r=g","caption":"Christian Bugenhagen"},"url":"https:\/\/pdsforum.com\/de\/author\/christian-bugenhagenpdsvision-com\/"}]}},"_links":{"self":[{"href":"https:\/\/pdsforum.com\/de\/wp-json\/wp\/v2\/posts\/9255","targetHints":{"allow":["GET"]}}],"collection":[{"href":"https:\/\/pdsforum.com\/de\/wp-json\/wp\/v2\/posts"}],"about":[{"href":"https:\/\/pdsforum.com\/de\/wp-json\/wp\/v2\/types\/post"}],"author":[{"embeddable":true,"href":"https:\/\/pdsforum.com\/de\/wp-json\/wp\/v2\/users\/2"}],"replies":[{"embeddable":true,"href":"https:\/\/pdsforum.com\/de\/wp-json\/wp\/v2\/comments?post=9255"}],"version-history":[{"count":0,"href":"https:\/\/pdsforum.com\/de\/wp-json\/wp\/v2\/posts\/9255\/revisions"}],"wp:featuredmedia":[{"embeddable":true,"href":"https:\/\/pdsforum.com\/de\/wp-json\/wp\/v2\/media\/6658"}],"wp:attachment":[{"href":"https:\/\/pdsforum.com\/de\/wp-json\/wp\/v2\/media?parent=9255"}],"wp:term":[{"taxonomy":"category","embeddable":true,"href":"https:\/\/pdsforum.com\/de\/wp-json\/wp\/v2\/categories?post=9255"},{"taxonomy":"post_tag","embeddable":true,"href":"https:\/\/pdsforum.com\/de\/wp-json\/wp\/v2\/tags?post=9255"}],"curies":[{"name":"wp","href":"https:\/\/api.w.org\/{rel}","templated":true}]}}